{"id":2941,"date":"2024-01-14T06:38:43","date_gmt":"2024-01-14T06:38:43","guid":{"rendered":"https:\/\/nursinghomescostarica.com\/?p=2941"},"modified":"2024-02-10T03:37:29","modified_gmt":"2024-02-10T03:37:29","slug":"geriatric-syndromes-elderly-health","status":"publish","type":"post","link":"https:\/\/nursinghomescostarica.com\/es\/geriatric-syndromes-elderly-health\/","title":{"rendered":"S\u00edndromes geri\u00e1tricos: desentra\u00f1ando los secretos de la tercera edad"},"content":{"rendered":"<div data-elementor-type=\"wp-post\" data-elementor-id=\"2941\" class=\"elementor elementor-2941\">\n\t\t\t\t<div class=\"elementor-element elementor-element-84daec9 e-flex e-con-boxed e-con e-parent\" data-id=\"84daec9\" data-element_type=\"container\" data-e-type=\"container\">\n\t\t\t\t\t<div class=\"e-con-inner\">\n\t\t\t\t<div class=\"elementor-element elementor-element-a5630e4 elementor-widget elementor-widget-heading\" data-id=\"a5630e4\" data-element_type=\"widget\" data-e-type=\"widget\" data-widget_type=\"heading.default\">\n\t\t\t\t<div class=\"elementor-widget-container\">\n\t\t\t\t\t<h2 class=\"elementor-heading-title elementor-size-medium\">Descubriendo los enigmas de la salud en la edad dorada: una inmersi\u00f3n profunda en los s\u00edndromes geri\u00e1tricos<\/h2>\t\t\t\t<\/div>\n\t\t\t\t<\/div>\n\t\t\t\t\t<\/div>\n\t\t\t\t<\/div>\n\t\t<div class=\"elementor-element elementor-element-264483a e-flex e-con-boxed e-con e-parent\" data-id=\"264483a\" data-element_type=\"container\" data-e-type=\"container\">\n\t\t\t\t\t<div class=\"e-con-inner\">\n\t\t\t\t<div class=\"elementor-element elementor-element-f2de07a elementor-widget elementor-widget-text-editor\" data-id=\"f2de07a\" data-element_type=\"widget\" data-e-type=\"widget\" data-widget_type=\"text-editor.default\">\n\t\t\t\t<div class=\"elementor-widget-container\">\n\t\t\t\t\t\t\t\t\t<p><strong>Introducci\u00f3n:<\/strong> En el intrincado entramado de atenci\u00f3n sanitaria de las personas mayores, los \u201cs\u00edndromes geri\u00e1tricos\u201d son los hilos esenciales que tejen la compleja narrativa de la salud de nuestras queridas personas mayores. Este concepto, que evoluciona con el tiempo, emerge como la llave maestra que abre una comprensi\u00f3n profunda de las complejidades del envejecimiento.<\/p><p>Imagina explorar las p\u00e1ginas de la historia de la medicina dedicadas a nuestros ancianos, donde los pioneros m\u00e9dicos plantaron las semillas de la geriatr\u00eda. Desde principios del siglo XX hasta la actualidad hemos pasado de una visi\u00f3n incipiente a una medicina geri\u00e1trica moderna, donde los \u201cS\u00edndromes Geri\u00e1tricos\u201d cobran protagonismo, abriendo el camino a una atenci\u00f3n m\u00e1s integral y emp\u00e1tica.<\/p><p>En este viaje, desentra\u00f1a remos la historia, descubriremos las ra\u00edces y explora remos las ramificaciones de estos \u201cs\u00edndromes geri\u00e1tricos\u201d que impactan las vidas de quienes han acumulado sabidur\u00eda a lo largo de los a\u00f1os. M\u00e1s all\u00e1 de la ret\u00f3rica m\u00e9dica, este art\u00edculo ser\u00e1 su gu\u00eda para comprender por qu\u00e9 estos \u201cs\u00edndromes geri\u00e1tricos\u201d son piezas cruciales del rompecabezas de la salud geri\u00e1trica.<\/p><p>\u00danase a nosotros en este viaje hacia la comprensi\u00f3n m\u00e1s all\u00e1 de las apariencias m\u00e9dicas convencionales. Juntos, revelaremos los misterios de los \u201cS\u00edndromes Geri\u00e1tricos\u201d, iluminando el camino hacia una atenci\u00f3n m\u00e1s informada y compasiva para nuestros seres queridos en sus a\u00f1os dorados. \u00a1Prep\u00e1rate para descubrir, aprender y sumergirte en el fascinante viaje de los \u201cS\u00edndromes Geri\u00e1tricos\u201d!<\/p>\t\t\t\t\t\t\t\t<\/div>\n\t\t\t\t<\/div>\n\t\t\t\t\t<\/div>\n\t\t\t\t<\/div>\n\t\t<div class=\"elementor-element elementor-element-ed03922 e-flex e-con-boxed e-con e-parent\" data-id=\"ed03922\" data-element_type=\"container\" data-e-type=\"container\">\n\t\t\t\t\t<div class=\"e-con-inner\">\n\t\t\t\t<div class=\"elementor-element elementor-element-2fd44eb elementor-widget elementor-widget-heading\" data-id=\"2fd44eb\" data-element_type=\"widget\" data-e-type=\"widget\" data-widget_type=\"heading.default\">\n\t\t\t\t<div class=\"elementor-widget-container\">\n\t\t\t\t\t<h2 class=\"elementor-heading-title elementor-size-medium\">Historia de la Geriatr\u00eda<\/h2>\t\t\t\t<\/div>\n\t\t\t\t<\/div>\n\t\t<div class=\"elementor-element elementor-element-6736b5b e-flex e-con-boxed e-con e-child\" data-id=\"6736b5b\" data-element_type=\"container\" data-e-type=\"container\">\n\t\t\t\t\t<div class=\"e-con-inner\">\n\t\t\t\t<div class=\"elementor-element elementor-element-b958c6b elementor-widget elementor-widget-text-editor\" data-id=\"b958c6b\" data-element_type=\"widget\" data-e-type=\"widget\" data-widget_type=\"text-editor.default\">\n\t\t\t\t<div class=\"elementor-widget-container\">\n\t\t\t\t\t\t\t\t\t<p>La geriatr\u00eda, nacida a principios del siglo XX, representa un cap\u00edtulo crucial en la evoluci\u00f3n de la atenci\u00f3n sanitaria a las personas mayores. Este per\u00edodo, testigo de transformaciones, estuvo marcado por la visi\u00f3n y dedicaci\u00f3n de profesionales comprometidos, destac\u00e1ndose la figura destacada de la Dra. Marjory Warren en Gran Breta\u00f1a. Su perspectiva integral no s\u00f3lo dej\u00f3 una huella imborrable en la historia de la medicina sino que tambi\u00e9n marc\u00f3 el inicio de una nueva era en la atenci\u00f3n dedicada a las personas mayores.<\/p><p>Desde sus inicios, la geriatr\u00eda surgi\u00f3 como una respuesta fundamental a la necesidad de una atenci\u00f3n sanitaria espec\u00edfica y diferenciada de la poblaci\u00f3n mayor. La publicaci\u00f3n pionera de I. L. Nascher en 1909, titulada \u201cGeriatr\u00eda: las enfermedades de la vejez y sus tratamientos\u201d, defend\u00eda esta medicina especializada. Sin embargo, fue alrededor de 1935 cuando la Dra. Marjory Warren, a trav\u00e9s de sus publicaciones, desencaden\u00f3 un cambio revolucionario al reconocer deficiencias en el tratamiento de los pacientes ancianos y cr\u00f3nicamente incapacitados.<\/p>\t\t\t\t\t\t\t\t<\/div>\n\t\t\t\t<\/div>\n\t\t\t\t\t<\/div>\n\t\t\t\t<\/div>\n\t\t\t\t\t<\/div>\n\t\t\t\t<\/div>\n\t\t<div class=\"elementor-element elementor-element-2c833ba e-con-full e-flex e-con e-parent\" data-id=\"2c833ba\" data-element_type=\"container\" data-e-type=\"container\">\n\t\t\t\t<div class=\"elementor-element elementor-element-95db97f elementor-position-left elementor-vertical-align-top elementor-widget elementor-widget-image-box\" data-id=\"95db97f\" data-element_type=\"widget\" data-e-type=\"widget\" data-widget_type=\"image-box.default\">\n\t\t\t\t<div class=\"elementor-widget-container\">\n\t\t\t\t\t<div class=\"elementor-image-box-wrapper\"><figure class=\"elementor-image-box-img\"><img fetchpriority=\"high\" decoding=\"async\" width=\"1263\" height=\"1800\" src=\"https:\/\/nursinghomescostarica.com\/wp-content\/uploads\/Marjory-Warren.jpeg\" class=\"attachment-full size-full wp-image-2944\" alt=\"\" srcset=\"https:\/\/nursinghomescostarica.com\/wp-content\/uploads\/Marjory-Warren.jpeg 1263w, https:\/\/nursinghomescostarica.com\/wp-content\/uploads\/Marjory-Warren-211x300.jpeg 211w, https:\/\/nursinghomescostarica.com\/wp-content\/uploads\/Marjory-Warren-719x1024.jpeg 719w, https:\/\/nursinghomescostarica.com\/wp-content\/uploads\/Marjory-Warren-768x1095.jpeg 768w, https:\/\/nursinghomescostarica.com\/wp-content\/uploads\/Marjory-Warren-1078x1536.jpeg 1078w, https:\/\/nursinghomescostarica.com\/wp-content\/uploads\/Marjory-Warren-8x12.jpeg 8w, https:\/\/nursinghomescostarica.com\/wp-content\/uploads\/Marjory-Warren-421x600.jpeg 421w\" sizes=\"(max-width: 1263px) 100vw, 1263px\" \/><\/figure><div class=\"elementor-image-box-content\"><p class=\"elementor-image-box-description\">La visi\u00f3n de la Dra. Warren, expresada en 1946, reson\u00f3 como una llamada de atenci\u00f3n para la profesi\u00f3n m\u00e9dica, inst\u00e1ndola a asumir la responsabilidad del cuidado de los ancianos enfermos. Su afirmaci\u00f3n de que \"se necesita urgentemente un cambio en la actitud hacia la atenci\u00f3n y el tratamiento de los enfermos cr\u00f3nicos\" marc\u00f3 el punto de partida de la medicina geri\u00e1trica moderna.\nCon esta perspectiva visionaria y cambio de paradigma, la geriatr\u00eda comenz\u00f3 a considerar la medicina como un enfoque integral e integral. Evaluar la situaci\u00f3n funcional, psicol\u00f3gica y social de los ancianos, coordinar la continuidad de la atenci\u00f3n y supervisar a los pacientes institucionalizados se convirtieron en objetivos fundamentales. As\u00ed naci\u00f3 una disciplina cient\u00edfica destinada a abordar los desaf\u00edos \u00fanicos asociados con el envejecimiento.\n<\/p><\/div><\/div>\t\t\t\t<\/div>\n\t\t\t\t<\/div>\n\t\t\t\t<\/div>\n\t\t<div class=\"elementor-element elementor-element-23687e9 e-flex e-con-boxed e-con e-parent\" data-id=\"23687e9\" data-element_type=\"container\" data-e-type=\"container\">\n\t\t\t\t\t<div class=\"e-con-inner\">\n\t\t\t\t<div class=\"elementor-element elementor-element-6b31aea elementor-widget elementor-widget-text-editor\" data-id=\"6b31aea\" data-element_type=\"widget\" data-e-type=\"widget\" data-widget_type=\"text-editor.default\">\n\t\t\t\t<div class=\"elementor-widget-container\">\n\t\t\t\t\t\t\t\t\t<p>Lo que presenciamos hoy, tanto a nivel mundial como en Costa Rica, es la geriatrizaci\u00f3n de la Medicina. Este enfoque inclusivo para las personas mayores busca ser capaz, eficaz y adaptado a las necesidades de la poblaci\u00f3n actual. Sin embargo, no debemos olvidar la urgente necesidad de formar nuevos profesionales en la materia. Estos profesionales deben poseer un alto sentido de servicio y conciencia, asegurando la calidad de la atenci\u00f3n al paciente anciano de manera humana, responsable y digna, con la visi\u00f3n necesaria para afrontar los cambios futuros que demandar\u00e1 la atenci\u00f3n geri\u00e1trica.<\/p><p>En conclusi\u00f3n, la historia de la geriatr\u00eda es un testimonio fascinante de c\u00f3mo la visi\u00f3n de unos pocos individuos dedicados ha dado forma a una disciplina que se erige como guardiana de la salud en la vejez. La Geriatr\u00eda no es s\u00f3lo una especialidad m\u00e9dica sino tambi\u00e9n un compromiso continuo con el bienestar de quienes han acumulado el tesoro de la experiencia a lo largo del tiempo.<\/p>\t\t\t\t\t\t\t\t<\/div>\n\t\t\t\t<\/div>\n\t\t\t\t\t<\/div>\n\t\t\t\t<\/div>\n\t\t<div class=\"elementor-element elementor-element-90fb39d e-flex e-con-boxed e-con e-parent\" data-id=\"90fb39d\" data-element_type=\"container\" data-e-type=\"container\">\n\t\t\t\t\t<div class=\"e-con-inner\">\n\t\t\t\t<div class=\"elementor-element elementor-element-a0ec047 elementor-widget elementor-widget-heading\" data-id=\"a0ec047\" data-element_type=\"widget\" data-e-type=\"widget\" data-widget_type=\"heading.default\">\n\t\t\t\t<div class=\"elementor-widget-container\">\n\t\t\t\t\t<h2 class=\"elementor-heading-title elementor-size-medium\">Significado y esencia de los s\u00edndromes Geri\u00e1tricos  <\/h2>\t\t\t\t<\/div>\n\t\t\t\t<\/div>\n\t\t\t\t\t<\/div>\n\t\t\t\t<\/div>\n\t\t<div class=\"elementor-element elementor-element-74255cf e-flex e-con-boxed e-con e-parent\" data-id=\"74255cf\" data-element_type=\"container\" data-e-type=\"container\">\n\t\t\t\t\t<div class=\"e-con-inner\">\n\t\t\t\t<div class=\"elementor-element elementor-element-9d3a911 elementor-widget elementor-widget-heading\" data-id=\"9d3a911\" data-element_type=\"widget\" data-e-type=\"widget\" data-widget_type=\"heading.default\">\n\t\t\t\t<div class=\"elementor-widget-container\">\n\t\t\t\t\t<h3 class=\"elementor-heading-title elementor-size-medium\">Caracter\u00edsticas Esenciales <\/h3>\t\t\t\t<\/div>\n\t\t\t\t<\/div>\n\t\t\t\t\t<\/div>\n\t\t\t\t<\/div>\n\t\t<div class=\"elementor-element elementor-element-b8f644f e-flex e-con-boxed e-con e-parent\" data-id=\"b8f644f\" data-element_type=\"container\" data-e-type=\"container\">\n\t\t\t\t\t<div class=\"e-con-inner\">\n\t\t\t\t<div class=\"elementor-element elementor-element-ba337e1 elementor-widget elementor-widget-text-editor\" data-id=\"ba337e1\" data-element_type=\"widget\" data-e-type=\"widget\" data-widget_type=\"text-editor.default\">\n\t\t\t\t<div class=\"elementor-widget-container\">\n\t\t\t\t\t\t\t\t\t<p><strong>Multifactorial:<\/strong> Los s\u00edndromes geri\u00e1tricos son multifactoriales e involucran la interacci\u00f3n de elementos como condiciones m\u00e9dicas cr\u00f3nicas, fragilidad y aspectos psicosociales. Esta complejidad requiere un enfoque hol\u00edstico en su evaluaci\u00f3n y gesti\u00f3n.<\/p><p><strong>Impacto en la funcionalidad:<\/strong> Estos s\u00edndromes afectan directamente la funcionalidad de los adultos mayores, manifest\u00e1ndose como p\u00e9rdida de movilidad, problemas cognitivos, alteraciones sensoriales, entre otros. El objetivo principal es abordar no s\u00f3lo la enfermedad en s\u00ed, sino tambi\u00e9n c\u00f3mo afecta la capacidad del individuo para llevar una vida independiente y de calidad.<\/p><p><strong>Desaf\u00edos del Diagn\u00f3stico:<\/strong> La peculiaridad de los s\u00edndromes geri\u00e1tricos radica en las dificultades diagn\u00f3sticas. Los adultos mayores presentan s\u00edntomas at\u00edpicos o m\u00faltiples afecciones concurrentes, lo que dificulta la identificaci\u00f3n precisa de la causa subyacente. La medicina geri\u00e1trica destaca por abordar esta complejidad diagn\u00f3stica.<\/p><p><strong>Papel de la Medicina Preventiva:<\/strong> Comprender estos s\u00edndromes es fundamental para la medicina preventiva en la vejez. La identificaci\u00f3n de factores de riesgo y signos tempranos permite una intervenci\u00f3n proactiva para prevenir complicaciones, mejorar la calidad de vida y promover un envejecimiento saludable.<\/p><h3 style=\"text-align: center;\"><strong>Importancia en la atenci\u00f3n geri\u00e1trica<\/strong><\/h3><p><strong>Evaluaci\u00f3n<\/strong><strong>\u00a0Comprensiva<\/strong> El conocimiento profundo de los s\u00edndromes geri\u00e1tricos permite una evaluaci\u00f3n integral de la salud de los adultos mayores. Esto implica abordar no s\u00f3lo enfermedades espec\u00edficas sino tambi\u00e9n comprender c\u00f3mo afectan la funcionalidad, la independencia y la calidad de vida.<\/p><p><strong>Enfoque personalizado:<\/strong> Cada s\u00edndrome geri\u00e1trico puede requerir un enfoque personalizado en cuanto a tratamiento y cuidados. La atenci\u00f3n centrada en el paciente considera las necesidades espec\u00edficas de cada paciente, reconociendo la diversidad de presentaciones cl\u00ednicas y el impacto \u00fanico de estos s\u00edndromes en la vida de cada persona.<\/p><p><strong>Prevenci\u00f3n de Complicaciones:<\/strong> La anticipaci\u00f3n y el manejo proactivo de los s\u00edndromes geri\u00e1tricos contribuyen significativamente a la prevenci\u00f3n de complicaciones. La identificaci\u00f3n temprana de factores de riesgo y la implementaci\u00f3n de estrategias preventivas pueden ayudar a prevenir el deterioro funcional y mejorar la calidad de vida a largo plazo.<\/p><p><strong>Colaboraci\u00f3n Interdisciplinaria:<\/strong> Dada la naturaleza compleja de estos s\u00edndromes, una atenci\u00f3n geri\u00e1trica eficaz implica una colaboraci\u00f3n interdisciplinaria. Equipos de profesionales de la salud trabajan juntos para abordar diversos aspectos de la salud f\u00edsica y emocional de los adultos mayores.<\/p><p>Los s\u00edndromes geri\u00e1tricos son cruciales en la atenci\u00f3n geri\u00e1trica, trascendiendo la esfera cl\u00ednica para abarcar la totalidad de la experiencia del envejecimiento. Este enfoque integral no s\u00f3lo mejora los resultados de salud sino que tambi\u00e9n enriquece la vida de los adultos mayores al reconocer y honrar la plenitud de su existencia.<\/p>\t\t\t\t\t\t\t\t<\/div>\n\t\t\t\t<\/div>\n\t\t\t\t<div class=\"elementor-element elementor-element-ab96f7b elementor-widget elementor-widget-heading\" data-id=\"ab96f7b\" data-element_type=\"widget\" data-e-type=\"widget\" data-widget_type=\"heading.default\">\n\t\t\t\t<div class=\"elementor-widget-container\">\n\t\t\t\t\t<h2 class=\"elementor-heading-title elementor-size-default\">Lista de S\u00edndromes Geri\u00e1tricos<\/h2>\t\t\t\t<\/div>\n\t\t\t\t<\/div>\n\t\t\t\t\t<\/div>\n\t\t\t\t<\/div>\n\t\t<div class=\"elementor-element elementor-element-3a7035b e-flex e-con-boxed e-con e-parent\" data-id=\"3a7035b\" data-element_type=\"container\" data-e-type=\"container\">\n\t\t\t\t\t<div class=\"e-con-inner\">\n\t\t<div class=\"elementor-element elementor-element-43c5974 e-con-full e-flex e-con e-child\" data-id=\"43c5974\" data-element_type=\"container\" data-e-type=\"container\">\n\t\t\t\t<div class=\"elementor-element elementor-element-8e45957 elementor-widget elementor-widget-text-editor\" data-id=\"8e45957\" data-element_type=\"widget\" data-e-type=\"widget\" data-widget_type=\"text-editor.default\">\n\t\t\t\t<div class=\"elementor-widget-container\">\n\t\t\t\t\t\t\t\t\t<ul><li><strong>Inmovilidad: Inestabilidad y Ca\u00eddas<\/strong><\/li><li style=\"list-style-type: none;\"><ul><li><em>Descripci\u00f3n:<\/em> P\u00e9rdida de movilidad y riesgo de ca\u00eddas, habituales en la vejez.<\/li><li><em>Implicaciones:<\/em> Mayor vulnerabilidad y riesgo de lesiones.<\/li><\/ul><\/li><li><strong>Incontinencia urinaria y fecal<\/strong><ul><li><em>Descripci\u00f3n:<\/em> P\u00e9rdida de control sobre la vejiga y el recto.<\/li><li><em>Implicaciones:<\/em> Impacto en la calidad de vida y la salud emocional.<\/li><\/ul><\/li><li><strong>Estado confusional Agudo y Demencia (Delirium)<\/strong><ul><li><em>Descripci\u00f3n:<\/em> Alteraciones cognitivas, desde confusi\u00f3n temporal hasta demencia.<\/li><li><em>Implicaciones:<\/em> Desaf\u00edos en la toma de decisiones y la autonom\u00eda.<\/li><\/ul><\/li><li><strong>Infecciones<\/strong><ul><li><em>Descripci\u00f3n:<\/em> Mayor susceptibilidad a infecciones debido a un sistema inmunol\u00f3gico debilitado.<\/li><li><em>Implicaciones:<\/em> Riesgo de complicaciones y degradaci\u00f3n de la salud general.<\/li><\/ul><\/li><li><strong>Desnutrici\u00f3n<\/strong><ul><li><em>Descripci\u00f3n:<\/em> Insuficiencia de nutrientes esenciales para mantener la salud.<\/li><li><em>Implicaciones:<\/em> P\u00e9rdida de peso, debilidad y deterioro de las funciones de los \u00f3rganos.<\/li><\/ul><\/li><li><strong>Deficiencias de Visi\u00f3n y Audici\u00f3n<\/strong><ul><li><em>Descripci\u00f3n:<\/em> Disminuci\u00f3n de la Agudeza Visual y Auditiva.<\/li><li><em>Implicaciones:<\/em> Limitaciones en la comunicaci\u00f3n y aumento de la dependencia.<\/li><\/ul><\/li><li><strong>Estre\u00f1imiento e impactaci\u00f3n fecal<\/strong><ul><li><em>Descripci\u00f3n:<\/em> Dificultad para defecar y acumulaci\u00f3n de heces.<\/li><li><em>Implicaciones:<\/em> Malestar abdominal y riesgo de complicaciones.<\/li><\/ul><\/li><li><strong>Depresi\u00f3n e insomnio<\/strong><ul><li><em>Descripci\u00f3n:<\/em> Trastornos del estado de \u00e1nimo y del sue\u00f1o.<\/li><li><em>Implicaciones:<\/em> Impacto negativo en la calidad de vida y la salud mental.<\/li><\/ul><\/li><\/ul>\t\t\t\t\t\t\t\t<\/div>\n\t\t\t\t<\/div>\n\t\t\t\t<\/div>\n\t\t<div class=\"elementor-element elementor-element-a78841b e-con-full e-flex e-con e-child\" data-id=\"a78841b\" data-element_type=\"container\" data-e-type=\"container\">\n\t\t\t\t<div class=\"elementor-element elementor-element-fc5eac9 elementor-widget elementor-widget-text-editor\" data-id=\"fc5eac9\" data-element_type=\"widget\" data-e-type=\"widget\" data-widget_type=\"text-editor.default\">\n\t\t\t\t<div class=\"elementor-widget-container\">\n\t\t\t\t\t\t\t\t\t<ul><li><strong>Iatrog\u00e9nesis<\/strong><\/li><li style=\"list-style-type: none;\"><ul><li><em>Descripci\u00f3n:<\/em> Efectos secundarios no deseados de los tratamientos m\u00e9dicos.<\/li><li><em>Implicaciones:<\/em> Complicaciones adicionales debido a la atenci\u00f3n m\u00e9dica.<\/li><\/ul><\/li><li><strong>Inmunodeficiencias<\/strong><ul><li><em>Descripci\u00f3n:<\/em> Disminuci\u00f3n de la capacidad del sistema inmunol\u00f3gico para combatir enfermedades.<\/li><li><em>Implicaciones:<\/em> Mayor susceptibilidad a infecciones y enfermedades.<\/li><\/ul><\/li><li><strong>Impotencia o Alteraciones Sexuales<\/strong><ul><li><em>Descripci\u00f3n:<\/em> Problemas en la funci\u00f3n sexual.<\/li><li><em>Implicaciones:<\/em> Impacto en la calidad de vida y las relaciones interpersonales.<\/li><\/ul><\/li><li><strong>Polifarmacia<\/strong><ul><li><em>Descripci\u00f3n:<\/em> Consumo de m\u00faltiples medicamentos simult\u00e1neamente.<\/li><li><em>Implicaciones:<\/em> Mayor riesgo de interacciones medicamentosas y efectos secundarios.<\/li><\/ul><\/li><li><strong>Sarcopenia<\/strong><ul><li><em>Descripci\u00f3n:<\/em> P\u00e9rdida progresiva de masa y fuerza muscular.<\/li><li><em>Implicaciones:<\/em> Disminuci\u00f3n de la movilidad y funcionalidad.<\/li><\/ul><\/li><li><strong>Fragilidad<\/strong><ul><li><em>Descripci\u00f3n:<\/em> Estado de vulnerabilidad y resistencia f\u00edsica reducida.<\/li><li><em>Implicaciones:<\/em> Mayor riesgo de ca\u00eddas y fracturas.<\/li><\/ul><\/li><li><strong>Deterioro Funcional<\/strong><ul><li><em>Descripci\u00f3n:<\/em> P\u00e9rdida de capacidad para realizar las actividades diarias.<\/li><li><em>Implicaciones:<\/em> Dependencia funcional y p\u00e9rdida de autonom\u00eda.<\/li><\/ul><\/li><li><strong>Abuso y Maltrato<\/strong><ul><li><em>Descripci\u00f3n:<\/em> Exposici\u00f3n a situaciones de violencia o abandono.<\/li><li><em>Implicaciones:<\/em> Impacto significativo en la salud f\u00edsica y emocional.<\/li><\/ul><\/li><\/ul><div>\u00a0<\/div><div>\u00a0<\/div><div>\u00a0<\/div>\t\t\t\t\t\t\t\t<\/div>\n\t\t\t\t<\/div>\n\t\t\t\t<\/div>\n\t\t\t\t\t<\/div>\n\t\t\t\t<\/div>\n\t\t<div class=\"elementor-element elementor-element-2d3f275 e-flex e-con-boxed e-con e-parent\" data-id=\"2d3f275\" data-element_type=\"container\" data-e-type=\"container\">\n\t\t\t\t\t<div class=\"e-con-inner\">\n\t\t\t\t<div class=\"elementor-element elementor-element-049fe8a elementor-widget elementor-widget-text-editor\" data-id=\"049fe8a\" data-element_type=\"widget\" data-e-type=\"widget\" data-widget_type=\"text-editor.default\">\n\t\t\t\t<div class=\"elementor-widget-container\">\n\t\t\t\t\t\t\t\t\t<p><strong>Importancia de comprender los S\u00edndromes Geri\u00e1tricos:\u00a0<\/strong><\/p><p>Una comprensi\u00f3n profunda de estos s\u00edndromes es esencial para proporcionar una evaluaci\u00f3n geri\u00e1trica integral. La atenci\u00f3n personalizada, adaptada a las necesidades espec\u00edficas de los adultos mayores, contribuye significativamente a una medicina preventiva y de calidad. Este profundo conocimiento no s\u00f3lo permite la identificaci\u00f3n temprana de problemas de salud sino que tambi\u00e9n sienta las bases para intervenciones efectivas y un enfoque hol\u00edstico de la atenci\u00f3n de la poblaci\u00f3n geri\u00e1trica.<\/p><p><a href=\"https:\/\/nursinghomescostarica.com\/\"><strong>En Villa Alegr\u00eda<\/strong><\/a>, estamos comprometidos con nuestro deber en el cuidado de las personas mayores, reconociendo la importancia de brindar atenci\u00f3n personalizada y compasiva. Esta comunidad refleja nuestro compromiso de enriquecer la vida de nuestros residentes mayores, aplicando un enfoque integral que considera tanto los aspectos m\u00e9dicos como emocionales de su bienestar. Juntos, avanzamos hacia un futuro donde el conocimiento y la dedicaci\u00f3n se entrelazan para ofrecer una atenci\u00f3n geri\u00e1trica excepcional.<\/p>\t\t\t\t\t\t\t\t<\/div>\n\t\t\t\t<\/div>\n\t\t\t\t<div class=\"elementor-element elementor-element-14585a9 elementor-widget elementor-widget-image\" data-id=\"14585a9\" data-element_type=\"widget\" data-e-type=\"widget\" data-widget_type=\"image.default\">\n\t\t\t\t<div class=\"elementor-widget-container\">\n\t\t\t\t\t\t\t\t\t\t\t\t\t\t\t<img decoding=\"async\" width=\"640\" height=\"427\" src=\"https:\/\/nursinghomescostarica.com\/wp-content\/uploads\/Pareja-de-residentes-jugando-a-las-cartas-en-el-jardin-1-1024x683.jpg\" class=\"attachment-large size-large wp-image-2970\" alt=\"\" srcset=\"https:\/\/nursinghomescostarica.com\/wp-content\/uploads\/Pareja-de-residentes-jugando-a-las-cartas-en-el-jardin-1-1024x683.jpg 1024w, https:\/\/nursinghomescostarica.com\/wp-content\/uploads\/Pareja-de-residentes-jugando-a-las-cartas-en-el-jardin-1-300x200.jpg 300w, https:\/\/nursinghomescostarica.com\/wp-content\/uploads\/Pareja-de-residentes-jugando-a-las-cartas-en-el-jardin-1-768x512.jpg 768w, https:\/\/nursinghomescostarica.com\/wp-content\/uploads\/Pareja-de-residentes-jugando-a-las-cartas-en-el-jardin-1-18x12.jpg 18w, https:\/\/nursinghomescostarica.com\/wp-content\/uploads\/Pareja-de-residentes-jugando-a-las-cartas-en-el-jardin-1-600x400.jpg 600w, https:\/\/nursinghomescostarica.com\/wp-content\/uploads\/Pareja-de-residentes-jugando-a-las-cartas-en-el-jardin-1.jpg 1536w\" sizes=\"(max-width: 640px) 100vw, 640px\" \/>\t\t\t\t\t\t\t\t\t\t\t\t\t\t\t<\/div>\n\t\t\t\t<\/div>\n\t\t\t\t\t<\/div>\n\t\t\t\t<\/div>\n\t\t<div class=\"elementor-element elementor-element-39d02cc e-flex e-con-boxed e-con e-parent\" data-id=\"39d02cc\" data-element_type=\"container\" data-e-type=\"container\">\n\t\t\t\t\t<div class=\"e-con-inner\">\n\t\t\t\t<div class=\"elementor-element elementor-element-ef01be2 elementor-widget elementor-widget-text-editor\" data-id=\"ef01be2\" data-element_type=\"widget\" data-e-type=\"widget\" data-widget_type=\"text-editor.default\">\n\t\t\t\t<div class=\"elementor-widget-container\">\n\t\t\t\t\t\t\t\t\t<p><strong><em>Notas a pie de p\u00e1gina:<\/em><\/strong><\/p><ol><li id=\"user-content-fn-1%5E\"><p>Marjory Warren, Wikipedia<\/p><\/li><li id=\"user-content-fn-2%5E\"><p>I. L. Nascher, \u201cGeriatr\u00eda: Las enfermedades de la vejez y sus tratamientos\u201d (1909)<\/p><\/li><li id=\"user-content-fn-3%5E\"><p>TK Kong, \u201cDr. Marjory Warren: La madre de la geriatr\u00eda\u201d, Revista de la Sociedad de Geriatr\u00eda de Hong Kong 10 (2) (2000) 102-105<\/p><\/li><li id=\"user-content-fn-4%5E\"><p>Philip D. St. John y David B. Hogan, \u201cLa relevancia de los escritos de Marjory Warren en la actualidad\u201d, The Gerontologist 54 (1) (2014) 21\u201329<\/p><\/li><\/ol>\t\t\t\t\t\t\t\t<\/div>\n\t\t\t\t<\/div>\n\t\t\t\t\t<\/div>\n\t\t\t\t<\/div>\n\t\t<div class=\"elementor-element elementor-element-f040484 e-flex e-con-boxed e-con e-parent\" data-id=\"f040484\" data-element_type=\"container\" data-e-type=\"container\">\n\t\t\t\t\t<div class=\"e-con-inner\">\n\t\t\t\t<div class=\"elementor-element elementor-element-38b60a7 elementor-shape-circle elementor-grid-0 e-grid-align-center elementor-widget elementor-widget-social-icons\" data-id=\"38b60a7\" data-element_type=\"widget\" data-e-type=\"widget\" data-widget_type=\"social-icons.default\">\n\t\t\t\t<div class=\"elementor-widget-container\">\n\t\t\t\t\t\t\t<div class=\"elementor-social-icons-wrapper elementor-grid\" role=\"list\">\n\t\t\t\t\t\t\t<span class=\"elementor-grid-item\" role=\"listitem\">\n\t\t\t\t\t<a class=\"elementor-icon elementor-social-icon elementor-social-icon-facebook elementor-repeater-item-065bb3b\" href=\"https:\/\/www.facebook.com\/nursinghomescostarica\/\" target=\"_blank\">\n\t\t\t\t\t\t<span class=\"elementor-screen-only\">Facebook<\/span>\n\t\t\t\t\t\t<svg aria-hidden=\"true\" class=\"e-font-icon-svg e-fab-facebook\" viewbox=\"0 0 512 512\" xmlns=\"http:\/\/www.w3.org\/2000\/svg\"><path d=\"M504 256C504 119 393 8 256 8S8 119 8 256c0 123.78 90.69 226.38 209.25 245V327.69h-63V256h63v-54.64c0-62.15 37-96.48 93.67-96.48 27.14 0 55.52 4.84 55.52 4.84v61h-31.28c-30.8 0-40.41 19.12-40.41 38.73V256h68.78l-11 71.69h-57.78V501C413.31 482.38 504 379.78 504 256z\"><\/path><\/svg>\t\t\t\t\t<\/a>\n\t\t\t\t<\/span>\n\t\t\t\t\t\t\t<span class=\"elementor-grid-item\" role=\"listitem\">\n\t\t\t\t\t<a class=\"elementor-icon elementor-social-icon elementor-social-icon-twitter elementor-repeater-item-48c9a7b\" href=\"https:\/\/twitter.com\/villa_nursing\" target=\"_blank\">\n\t\t\t\t\t\t<span class=\"elementor-screen-only\">Twitter<\/span>\n\t\t\t\t\t\t<svg aria-hidden=\"true\" class=\"e-font-icon-svg e-fab-twitter\" viewbox=\"0 0 512 512\" xmlns=\"http:\/\/www.w3.org\/2000\/svg\"><path d=\"M459.37 151.716c.325 4.548.325 9.097.325 13.645 0 138.72-105.583 298.558-298.558 298.558-59.452 0-114.68-17.219-161.137-47.106 8.447.974 16.568 1.299 25.34 1.299 49.055 0 94.213-16.568 130.274-44.832-46.132-.975-84.792-31.188-98.112-72.772 6.498.974 12.995 1.624 19.818 1.624 9.421 0 18.843-1.3 27.614-3.573-48.081-9.747-84.143-51.98-84.143-102.985v-1.299c13.969 7.797 30.214 12.67 47.431 13.319-28.264-18.843-46.781-51.005-46.781-87.391 0-19.492 5.197-37.36 14.294-52.954 51.655 63.675 129.3 105.258 216.365 109.807-1.624-7.797-2.599-15.918-2.599-24.04 0-57.828 46.782-104.934 104.934-104.934 30.213 0 57.502 12.67 76.67 33.137 23.715-4.548 46.456-13.32 66.599-25.34-7.798 24.366-24.366 44.833-46.132 57.827 21.117-2.273 41.584-8.122 60.426-16.243-14.292 20.791-32.161 39.308-52.628 54.253z\"><\/path><\/svg>\t\t\t\t\t<\/a>\n\t\t\t\t<\/span>\n\t\t\t\t\t\t\t<span class=\"elementor-grid-item\" role=\"listitem\">\n\t\t\t\t\t<a class=\"elementor-icon elementor-social-icon elementor-social-icon-instagram elementor-repeater-item-68a7ed8\" href=\"https:\/\/www.instagram.com\/nursinghomes.costarica\/\" target=\"_blank\">\n\t\t\t\t\t\t<span class=\"elementor-screen-only\">Instagram<\/span>\n\t\t\t\t\t\t<svg aria-hidden=\"true\" class=\"e-font-icon-svg e-fab-instagram\" viewbox=\"0 0 448 512\" xmlns=\"http:\/\/www.w3.org\/2000\/svg\"><path d=\"M224.1 141c-63.6 0-114.9 51.3-114.9 114.9s51.3 114.9 114.9 114.9S339 319.5 339 255.9 287.7 141 224.1 141zm0 189.6c-41.1 0-74.7-33.5-74.7-74.7s33.5-74.7 74.7-74.7 74.7 33.5 74.7 74.7-33.6 74.7-74.7 74.7zm146.4-194.3c0 14.9-12 26.8-26.8 26.8-14.9 0-26.8-12-26.8-26.8s12-26.8 26.8-26.8 26.8 12 26.8 26.8zm76.1 27.2c-1.7-35.9-9.9-67.7-36.2-93.9-26.2-26.2-58-34.4-93.9-36.2-37-2.1-147.9-2.1-184.9 0-35.8 1.7-67.6 9.9-93.9 36.1s-34.4 58-36.2 93.9c-2.1 37-2.1 147.9 0 184.9 1.7 35.9 9.9 67.7 36.2 93.9s58 34.4 93.9 36.2c37 2.1 147.9 2.1 184.9 0 35.9-1.7 67.7-9.9 93.9-36.2 26.2-26.2 34.4-58 36.2-93.9 2.1-37 2.1-147.8 0-184.8zM398.8 388c-7.8 19.6-22.9 34.7-42.6 42.6-29.5 11.7-99.5 9-132.1 9s-102.7 2.6-132.1-9c-19.6-7.8-34.7-22.9-42.6-42.6-11.7-29.5-9-99.5-9-132.1s-2.6-102.7 9-132.1c7.8-19.6 22.9-34.7 42.6-42.6 29.5-11.7 99.5-9 132.1-9s102.7-2.6 132.1 9c19.6 7.8 34.7 22.9 42.6 42.6 11.7 29.5 9 99.5 9 132.1s2.7 102.7-9 132.1z\"><\/path><\/svg>\t\t\t\t\t<\/a>\n\t\t\t\t<\/span>\n\t\t\t\t\t\t\t<span class=\"elementor-grid-item\" role=\"listitem\">\n\t\t\t\t\t<a class=\"elementor-icon elementor-social-icon elementor-social-icon-linkedin elementor-repeater-item-f4b37be\" href=\"https:\/\/www.linkedin.com\/\" target=\"_blank\">\n\t\t\t\t\t\t<span class=\"elementor-screen-only\">Linkedin<\/span>\n\t\t\t\t\t\t<svg aria-hidden=\"true\" class=\"e-font-icon-svg e-fab-linkedin\" viewbox=\"0 0 448 512\" xmlns=\"http:\/\/www.w3.org\/2000\/svg\"><path d=\"M416 32H31.9C14.3 32 0 46.5 0 64.3v383.4C0 465.5 14.3 480 31.9 480H416c17.6 0 32-14.5 32-32.3V64.3c0-17.8-14.4-32.3-32-32.3zM135.4 416H69V202.2h66.5V416zm-33.2-243c-21.3 0-38.5-17.3-38.5-38.5S80.9 96 102.2 96c21.2 0 38.5 17.3 38.5 38.5 0 21.3-17.2 38.5-38.5 38.5zm282.1 243h-66.4V312c0-24.8-.5-56.7-34.5-56.7-34.6 0-39.9 27-39.9 54.9V416h-66.4V202.2h63.7v29.2h.9c8.9-16.8 30.6-34.5 62.9-34.5 67.2 0 79.7 44.3 79.7 101.9V416z\"><\/path><\/svg>\t\t\t\t\t<\/a>\n\t\t\t\t<\/span>\n\t\t\t\t\t<\/div>\n\t\t\t\t\t\t<\/div>\n\t\t\t\t<\/div>\n\t\t\t\t\t<\/div>\n\t\t\t\t<\/div>\n\t\t\t\t<\/div>","protected":false},"excerpt":{"rendered":"<p>Descubre las complejidades del envejecimiento a trav\u00e9s de nuestra gu\u00eda sobre S\u00edndromes Geri\u00e1tricos, explorando su historia e impacto en la salud de las personas mayores.<\/p>","protected":false},"author":2,"featured_media":2981,"comment_status":"open","ping_status":"open","sticky":false,"template":"","format":"standard","meta":{"_eb_attr":"","footnotes":""},"categories":[],"tags":[],"class_list":["post-2941","post","type-post","status-publish","format-standard","has-post-thumbnail","hentry"],"_links":{"self":[{"href":"https:\/\/nursinghomescostarica.com\/es\/wp-json\/wp\/v2\/posts\/2941","targetHints":{"allow":["GET"]}}],"collection":[{"href":"https:\/\/nursinghomescostarica.com\/es\/wp-json\/wp\/v2\/posts"}],"about":[{"href":"https:\/\/nursinghomescostarica.com\/es\/wp-json\/wp\/v2\/types\/post"}],"author":[{"embeddable":true,"href":"https:\/\/nursinghomescostarica.com\/es\/wp-json\/wp\/v2\/users\/2"}],"replies":[{"embeddable":true,"href":"https:\/\/nursinghomescostarica.com\/es\/wp-json\/wp\/v2\/comments?post=2941"}],"version-history":[{"count":48,"href":"https:\/\/nursinghomescostarica.com\/es\/wp-json\/wp\/v2\/posts\/2941\/revisions"}],"predecessor-version":[{"id":2995,"href":"https:\/\/nursinghomescostarica.com\/es\/wp-json\/wp\/v2\/posts\/2941\/revisions\/2995"}],"wp:featuredmedia":[{"embeddable":true,"href":"https:\/\/nursinghomescostarica.com\/es\/wp-json\/wp\/v2\/media\/2981"}],"wp:attachment":[{"href":"https:\/\/nursinghomescostarica.com\/es\/wp-json\/wp\/v2\/media?parent=2941"}],"wp:term":[{"taxonomy":"category","embeddable":true,"href":"https:\/\/nursinghomescostarica.com\/es\/wp-json\/wp\/v2\/categories?post=2941"},{"taxonomy":"post_tag","embeddable":true,"href":"https:\/\/nursinghomescostarica.com\/es\/wp-json\/wp\/v2\/tags?post=2941"}],"curies":[{"name":"wp","href":"https:\/\/api.w.org\/{rel}","templated":true}]}}